{"id":17367,"date":"2024-10-08T09:00:07","date_gmt":"2024-10-08T08:00:07","guid":{"rendered":"https:\/\/elbibanetv.dz\/?p=17367"},"modified":"2024-10-08T09:00:07","modified_gmt":"2024-10-08T08:00:07","slug":"solidarite-avec-la-palestine-les-travailleurs-de-la-clinique-lalla-khaira-se-mobilisent","status":"publish","type":"post","link":"https:\/\/elbibanetv.dz\/?p=17367","title":{"rendered":"SOLIDARITE AVEC LA PALESTINE : Les travailleurs de la clinique Lalla Kha\u00efra se mobilisent"},"content":{"rendered":"<div class=\"pdfprnt-buttons pdfprnt-buttons-post pdfprnt-top-right\"><a href=\"https:\/\/elbibanetv.dz\/index.php?rest_route=%2Fwp%2Fv2%2Fposts%2F17367&print=pdf\" class=\"pdfprnt-button pdfprnt-button-pdf\" target=\"_blank\" ><img decoding=\"async\" src=\"https:\/\/elbibanetv.dz\/wp-content\/plugins\/pdf-print\/images\/pdf.png\" alt=\"image_pdf\" title=\"View PDF\" \/><\/a><a href=\"https:\/\/elbibanetv.dz\/index.php?rest_route=%2Fwp%2Fv2%2Fposts%2F17367&print=print\" class=\"pdfprnt-button pdfprnt-button-print\" target=\"_blank\" ><img decoding=\"async\" src=\"https:\/\/elbibanetv.dz\/wp-content\/plugins\/pdf-print\/images\/print.png\" alt=\"image_print\" title=\"Print Content\" \/><\/a><\/div><p>&nbsp;<\/p>\n<p><u>Younes Zahachi<\/u><\/p>\n<p><u>\u00a0<\/u><\/p>\n<p>Mostaganem, le 7 octobre 2024 \u2013 \u00c0 l&#8217;occasion de la Journ\u00e9e internationale du travail d\u00e9cent et honn\u00eate, un hommage poignant a \u00e9t\u00e9 rendu aux martyrs Palestiniens et Libanais. Dans un \u00e9lan de solidarit\u00e9 sans faille avec le peuple palestinien, les travailleurs de la clinique Lalla Kha\u00efra, en partenariat avec la branche syndicale de l\u2019Union G\u00e9n\u00e9rale des Travailleurs Alg\u00e9riens, ont organis\u00e9 ce jour une manifestation symbolique \u00e0 l\u2019occasion de la Journ\u00e9e internationale du travail d\u00e9cent et honn\u00eate.<\/p>\n<p>Un stand sp\u00e9cialement am\u00e9nag\u00e9 a \u00e9t\u00e9 d\u00e9di\u00e9 aux martyrs de la Palestine et du Liban, en signe de respect et d\u2019admiration pour leur sacrifice. Les travailleurs de cet \u00e9tablissement de sant\u00e9 publique ont observ\u00e9 une minute de silence, t\u00e9moignant ainsi de leur soutien ind\u00e9fectible \u00e0 la juste cause palestinienne. Cette initiative vise \u00e0 d\u00e9noncer l\u2019occupation isra\u00e9lienne et \u00e0 exprimer la solidarit\u00e9 du peuple alg\u00e9rien avec le peuple palestinien dans sa lutte pour la libert\u00e9 et l\u2019ind\u00e9pendance. Les participants ont r\u00e9affirm\u00e9 leur attachement aux valeurs de justice, de paix et de dignit\u00e9 humaine, tout en appelant la communaut\u00e9 internationale \u00e0 agir en faveur d\u2019une solution juste et durable au conflit isra\u00e9lo-palestinien.<\/p>\n<p>En associant la journ\u00e9e internationale du travail d\u00e9cent et honn\u00eate \u00e0 la cause palestinienne, les organisateurs de cette manifestation ont soulign\u00e9 le lien \u00e9troit entre les droits des travailleurs et la lutte pour la justice sociale. Ils ont \u00e9galement rappel\u00e9 que la paix et la stabilit\u00e9 dans la r\u00e9gion ne pourront \u00eatre atteintes tant que le peuple palestinien ne verra pas ses droits fondamentaux reconnus.<\/p>\n","protected":false},"excerpt":{"rendered":"<p>&nbsp; Younes Zahachi \u00a0 Mostaganem, le 7 octobre 2024 \u2013 \u00c0 l&#8217;occasion de la Journ\u00e9e internationale du travail d\u00e9cent et honn\u00eate, un hommage poignant a \u00e9t\u00e9 rendu aux martyrs Palestiniens et Libanais. Dans un \u00e9lan de solidarit\u00e9 sans faille avec le peuple palestinien, les travailleurs de la clinique Lalla Kha\u00efra, en partenariat avec la branche [&hellip;]<\/p>\n","protected":false},"author":1,"featured_media":17368,"comment_status":"open","ping_status":"open","sticky":false,"template":"","format":"standard","meta":{"yasr_overall_rating":0,"yasr_post_is_review":"","yasr_auto_insert_disabled":"","yasr_review_type":"","footnotes":""},"categories":[10,79],"tags":[],"class_list":["post-17367","post","type-post","status-publish","format-standard","has-post-thumbnail","hentry","category-sante-et-beaute","category-79"],"yoast_head":"<!-- This site is optimized with the Yoast SEO plugin v27.5 - https:\/\/yoast.com\/product\/yoast-seo-wordpress\/ -->\n<title>SOLIDARITE AVEC LA PALESTINE : Les travailleurs de la clinique Lalla Kha\u00efra se mobilisent - \u0627\u0644\u0628\u064a\u0628\u0627\u0646TV<\/title>\n<meta name=\"description\" content=\"Mostaganem, le 7 octobre 2024 \u2013 \u00c0 l&#039;occasion de la Journ\u00e9e internationale du travail d\u00e9cent et honn\u00eate, un hommage poignant a \u00e9t\u00e9 rendu\" \/>\n<meta name=\"robots\" content=\"index, follow, max-snippet:-1, max-image-preview:large, max-video-preview:-1\" \/>\n<link rel=\"canonical\" href=\"https:\/\/elbibanetv.dz\/?p=17367\" \/>\n<meta property=\"og:locale\" content=\"ar_AR\" \/>\n<meta property=\"og:type\" content=\"article\" \/>\n<meta property=\"og:title\" content=\"SOLIDARITE AVEC LA PALESTINE : Les travailleurs de la clinique Lalla Kha\u00efra se mobilisent - \u0627\u0644\u0628\u064a\u0628\u0627\u0646TV\" \/>\n<meta property=\"og:description\" content=\"Mostaganem, le 7 octobre 2024 \u2013 \u00c0 l&#039;occasion de la Journ\u00e9e internationale du travail d\u00e9cent et honn\u00eate, un hommage poignant a \u00e9t\u00e9 rendu\" \/>\n<meta property=\"og:url\" content=\"https:\/\/elbibanetv.dz\/?p=17367\" \/>\n<meta property=\"og:site_name\" content=\"\u0627\u0644\u0628\u064a\u0628\u0627\u0646TV\" \/>\n<meta property=\"article:published_time\" content=\"2024-10-08T08:00:07+00:00\" \/>\n<meta property=\"og:image\" content=\"https:\/\/elbibanetv.dz\/wp-content\/uploads\/2024\/10\/\u0633\u0631\u0637\u0627\u0646-\u0627\u0644\u062b\u062f\u064a.jpg\" \/>\n\t<meta property=\"og:image:width\" content=\"878\" \/>\n\t<meta property=\"og:image:height\" content=\"421\" \/>\n\t<meta property=\"og:image:type\" content=\"image\/jpeg\" \/>\n<meta name=\"author\" content=\"admin\" \/>\n<meta name=\"twitter:card\" content=\"summary_large_image\" \/>\n<meta name=\"twitter:label1\" content=\"\u0643\u064f\u062a\u0628 \u0628\u0648\u0627\u0633\u0637\u0629\" \/>\n\t<meta name=\"twitter:data1\" content=\"admin\" \/>\n\t<meta name=\"twitter:label2\" content=\"\u0648\u0642\u062a \u0627\u0644\u0642\u0631\u0627\u0621\u0629 \u0627\u0644\u0645\u064f\u0642\u062f\u0651\u0631\" \/>\n\t<meta name=\"twitter:data2\" content=\"3 \u062f\u0642\u0627\u0626\u0642\" \/>\n<script type=\"application\/ld+json\" class=\"yoast-schema-graph\">{\"@context\":\"https:\\\/\\\/schema.org\",\"@graph\":[{\"@type\":\"Article\",\"@id\":\"https:\\\/\\\/elbibanetv.dz\\\/?p=17367#article\",\"isPartOf\":{\"@id\":\"https:\\\/\\\/elbibanetv.dz\\\/?p=17367\"},\"author\":{\"name\":\"admin\",\"@id\":\"https:\\\/\\\/elbibanetv.dz\\\/#\\\/schema\\\/person\\\/2f805262d6c5b0990f164f05c63500d7\"},\"headline\":\"SOLIDARITE AVEC LA PALESTINE : Les travailleurs de la clinique Lalla Kha\u00efra se mobilisent\",\"datePublished\":\"2024-10-08T08:00:07+00:00\",\"mainEntityOfPage\":{\"@id\":\"https:\\\/\\\/elbibanetv.dz\\\/?p=17367\"},\"wordCount\":290,\"commentCount\":0,\"image\":{\"@id\":\"https:\\\/\\\/elbibanetv.dz\\\/?p=17367#primaryimage\"},\"thumbnailUrl\":\"https:\\\/\\\/elbibanetv.dz\\\/wp-content\\\/uploads\\\/2024\\\/10\\\/\u0633\u0631\u0637\u0627\u0646-\u0627\u0644\u062b\u062f\u064a.jpg\",\"articleSection\":[\"\u0635\u062d\u0629 \u0648\u062c\u0645\u0627\u0644\",\"\u0648\u0637\u0646\u064a\"],\"inLanguage\":\"ar\",\"potentialAction\":[{\"@type\":\"CommentAction\",\"name\":\"Comment\",\"target\":[\"https:\\\/\\\/elbibanetv.dz\\\/?p=17367#respond\"]}]},{\"@type\":\"WebPage\",\"@id\":\"https:\\\/\\\/elbibanetv.dz\\\/?p=17367\",\"url\":\"https:\\\/\\\/elbibanetv.dz\\\/?p=17367\",\"name\":\"SOLIDARITE AVEC LA PALESTINE : Les travailleurs de la clinique Lalla Kha\u00efra se mobilisent - \u0627\u0644\u0628\u064a\u0628\u0627\u0646TV\",\"isPartOf\":{\"@id\":\"https:\\\/\\\/elbibanetv.dz\\\/#website\"},\"primaryImageOfPage\":{\"@id\":\"https:\\\/\\\/elbibanetv.dz\\\/?p=17367#primaryimage\"},\"image\":{\"@id\":\"https:\\\/\\\/elbibanetv.dz\\\/?p=17367#primaryimage\"},\"thumbnailUrl\":\"https:\\\/\\\/elbibanetv.dz\\\/wp-content\\\/uploads\\\/2024\\\/10\\\/\u0633\u0631\u0637\u0627\u0646-\u0627\u0644\u062b\u062f\u064a.jpg\",\"datePublished\":\"2024-10-08T08:00:07+00:00\",\"author\":{\"@id\":\"https:\\\/\\\/elbibanetv.dz\\\/#\\\/schema\\\/person\\\/2f805262d6c5b0990f164f05c63500d7\"},\"description\":\"Mostaganem, le 7 octobre 2024 \u2013 \u00c0 l'occasion de la Journ\u00e9e internationale du travail d\u00e9cent et honn\u00eate, un hommage poignant a \u00e9t\u00e9 rendu\",\"breadcrumb\":{\"@id\":\"https:\\\/\\\/elbibanetv.dz\\\/?p=17367#breadcrumb\"},\"inLanguage\":\"ar\",\"potentialAction\":[{\"@type\":\"ReadAction\",\"target\":[\"https:\\\/\\\/elbibanetv.dz\\\/?p=17367\"]}]},{\"@type\":\"ImageObject\",\"inLanguage\":\"ar\",\"@id\":\"https:\\\/\\\/elbibanetv.dz\\\/?p=17367#primaryimage\",\"url\":\"https:\\\/\\\/elbibanetv.dz\\\/wp-content\\\/uploads\\\/2024\\\/10\\\/\u0633\u0631\u0637\u0627\u0646-\u0627\u0644\u062b\u062f\u064a.jpg\",\"contentUrl\":\"https:\\\/\\\/elbibanetv.dz\\\/wp-content\\\/uploads\\\/2024\\\/10\\\/\u0633\u0631\u0637\u0627\u0646-\u0627\u0644\u062b\u062f\u064a.jpg\",\"width\":878,\"height\":421},{\"@type\":\"BreadcrumbList\",\"@id\":\"https:\\\/\\\/elbibanetv.dz\\\/?p=17367#breadcrumb\",\"itemListElement\":[{\"@type\":\"ListItem\",\"position\":1,\"name\":\"Home\",\"item\":\"https:\\\/\\\/elbibanetv.dz\\\/\"},{\"@type\":\"ListItem\",\"position\":2,\"name\":\"SOLIDARITE AVEC LA PALESTINE : Les travailleurs de la clinique Lalla Kha\u00efra se mobilisent\"}]},{\"@type\":\"WebSite\",\"@id\":\"https:\\\/\\\/elbibanetv.dz\\\/#website\",\"url\":\"https:\\\/\\\/elbibanetv.dz\\\/\",\"name\":\"\u0627\u0644\u0628\u064a\u0628\u0627\u0646TV\",\"description\":\"\u062a\u0644\u0641\u0632\u064a\u0648\u0646 \u0648\u0627\u0628\",\"potentialAction\":[{\"@type\":\"SearchAction\",\"target\":{\"@type\":\"EntryPoint\",\"urlTemplate\":\"https:\\\/\\\/elbibanetv.dz\\\/?s={search_term_string}\"},\"query-input\":{\"@type\":\"PropertyValueSpecification\",\"valueRequired\":true,\"valueName\":\"search_term_string\"}}],\"inLanguage\":\"ar\"},{\"@type\":\"Person\",\"@id\":\"https:\\\/\\\/elbibanetv.dz\\\/#\\\/schema\\\/person\\\/2f805262d6c5b0990f164f05c63500d7\",\"name\":\"admin\",\"image\":{\"@type\":\"ImageObject\",\"inLanguage\":\"ar\",\"@id\":\"https:\\\/\\\/secure.gravatar.com\\\/avatar\\\/2c4569b1c73f69874bcb8b3322ad4a01218561c9acaf534e012e487b73de5857?s=96&d=mm&r=g\",\"url\":\"https:\\\/\\\/secure.gravatar.com\\\/avatar\\\/2c4569b1c73f69874bcb8b3322ad4a01218561c9acaf534e012e487b73de5857?s=96&d=mm&r=g\",\"contentUrl\":\"https:\\\/\\\/secure.gravatar.com\\\/avatar\\\/2c4569b1c73f69874bcb8b3322ad4a01218561c9acaf534e012e487b73de5857?s=96&d=mm&r=g\",\"caption\":\"admin\"},\"sameAs\":[\"https:\\\/\\\/djadet.net\\\/bibantv\"],\"url\":\"https:\\\/\\\/elbibanetv.dz\\\/?author=1\"},false]}<\/script>\n<!-- \/ Yoast SEO plugin. -->","yoast_head_json":{"title":"SOLIDARITE AVEC LA PALESTINE : Les travailleurs de la clinique Lalla Kha\u00efra se mobilisent - \u0627\u0644\u0628\u064a\u0628\u0627\u0646TV","description":"Mostaganem, le 7 octobre 2024 \u2013 \u00c0 l'occasion de la Journ\u00e9e internationale du travail d\u00e9cent et honn\u00eate, un hommage poignant a \u00e9t\u00e9 rendu","robots":{"index":"index","follow":"follow","max-snippet":"max-snippet:-1","max-image-preview":"max-image-preview:large","max-video-preview":"max-video-preview:-1"},"canonical":"https:\/\/elbibanetv.dz\/?p=17367","og_locale":"ar_AR","og_type":"article","og_title":"SOLIDARITE AVEC LA PALESTINE : Les travailleurs de la clinique Lalla Kha\u00efra se mobilisent - \u0627\u0644\u0628\u064a\u0628\u0627\u0646TV","og_description":"Mostaganem, le 7 octobre 2024 \u2013 \u00c0 l'occasion de la Journ\u00e9e internationale du travail d\u00e9cent et honn\u00eate, un hommage poignant a \u00e9t\u00e9 rendu","og_url":"https:\/\/elbibanetv.dz\/?p=17367","og_site_name":"\u0627\u0644\u0628\u064a\u0628\u0627\u0646TV","article_published_time":"2024-10-08T08:00:07+00:00","og_image":[{"width":878,"height":421,"url":"https:\/\/elbibanetv.dz\/wp-content\/uploads\/2024\/10\/\u0633\u0631\u0637\u0627\u0646-\u0627\u0644\u062b\u062f\u064a.jpg","type":"image\/jpeg"}],"author":"admin","twitter_card":"summary_large_image","twitter_misc":{"\u0643\u064f\u062a\u0628 \u0628\u0648\u0627\u0633\u0637\u0629":"admin","\u0648\u0642\u062a \u0627\u0644\u0642\u0631\u0627\u0621\u0629 \u0627\u0644\u0645\u064f\u0642\u062f\u0651\u0631":"3 \u062f\u0642\u0627\u0626\u0642"},"schema":{"@context":"https:\/\/schema.org","@graph":[{"@type":"Article","@id":"https:\/\/elbibanetv.dz\/?p=17367#article","isPartOf":{"@id":"https:\/\/elbibanetv.dz\/?p=17367"},"author":{"name":"admin","@id":"https:\/\/elbibanetv.dz\/#\/schema\/person\/2f805262d6c5b0990f164f05c63500d7"},"headline":"SOLIDARITE AVEC LA PALESTINE : Les travailleurs de la clinique Lalla Kha\u00efra se mobilisent","datePublished":"2024-10-08T08:00:07+00:00","mainEntityOfPage":{"@id":"https:\/\/elbibanetv.dz\/?p=17367"},"wordCount":290,"commentCount":0,"image":{"@id":"https:\/\/elbibanetv.dz\/?p=17367#primaryimage"},"thumbnailUrl":"https:\/\/elbibanetv.dz\/wp-content\/uploads\/2024\/10\/\u0633\u0631\u0637\u0627\u0646-\u0627\u0644\u062b\u062f\u064a.jpg","articleSection":["\u0635\u062d\u0629 \u0648\u062c\u0645\u0627\u0644","\u0648\u0637\u0646\u064a"],"inLanguage":"ar","potentialAction":[{"@type":"CommentAction","name":"Comment","target":["https:\/\/elbibanetv.dz\/?p=17367#respond"]}]},{"@type":"WebPage","@id":"https:\/\/elbibanetv.dz\/?p=17367","url":"https:\/\/elbibanetv.dz\/?p=17367","name":"SOLIDARITE AVEC LA PALESTINE : Les travailleurs de la clinique Lalla Kha\u00efra se mobilisent - \u0627\u0644\u0628\u064a\u0628\u0627\u0646TV","isPartOf":{"@id":"https:\/\/elbibanetv.dz\/#website"},"primaryImageOfPage":{"@id":"https:\/\/elbibanetv.dz\/?p=17367#primaryimage"},"image":{"@id":"https:\/\/elbibanetv.dz\/?p=17367#primaryimage"},"thumbnailUrl":"https:\/\/elbibanetv.dz\/wp-content\/uploads\/2024\/10\/\u0633\u0631\u0637\u0627\u0646-\u0627\u0644\u062b\u062f\u064a.jpg","datePublished":"2024-10-08T08:00:07+00:00","author":{"@id":"https:\/\/elbibanetv.dz\/#\/schema\/person\/2f805262d6c5b0990f164f05c63500d7"},"description":"Mostaganem, le 7 octobre 2024 \u2013 \u00c0 l'occasion de la Journ\u00e9e internationale du travail d\u00e9cent et honn\u00eate, un hommage poignant a \u00e9t\u00e9 rendu","breadcrumb":{"@id":"https:\/\/elbibanetv.dz\/?p=17367#breadcrumb"},"inLanguage":"ar","potentialAction":[{"@type":"ReadAction","target":["https:\/\/elbibanetv.dz\/?p=17367"]}]},{"@type":"ImageObject","inLanguage":"ar","@id":"https:\/\/elbibanetv.dz\/?p=17367#primaryimage","url":"https:\/\/elbibanetv.dz\/wp-content\/uploads\/2024\/10\/\u0633\u0631\u0637\u0627\u0646-\u0627\u0644\u062b\u062f\u064a.jpg","contentUrl":"https:\/\/elbibanetv.dz\/wp-content\/uploads\/2024\/10\/\u0633\u0631\u0637\u0627\u0646-\u0627\u0644\u062b\u062f\u064a.jpg","width":878,"height":421},{"@type":"BreadcrumbList","@id":"https:\/\/elbibanetv.dz\/?p=17367#breadcrumb","itemListElement":[{"@type":"ListItem","position":1,"name":"Home","item":"https:\/\/elbibanetv.dz\/"},{"@type":"ListItem","position":2,"name":"SOLIDARITE AVEC LA PALESTINE : Les travailleurs de la clinique Lalla Kha\u00efra se mobilisent"}]},{"@type":"WebSite","@id":"https:\/\/elbibanetv.dz\/#website","url":"https:\/\/elbibanetv.dz\/","name":"\u0627\u0644\u0628\u064a\u0628\u0627\u0646TV","description":"\u062a\u0644\u0641\u0632\u064a\u0648\u0646 \u0648\u0627\u0628","potentialAction":[{"@type":"SearchAction","target":{"@type":"EntryPoint","urlTemplate":"https:\/\/elbibanetv.dz\/?s={search_term_string}"},"query-input":{"@type":"PropertyValueSpecification","valueRequired":true,"valueName":"search_term_string"}}],"inLanguage":"ar"},{"@type":"Person","@id":"https:\/\/elbibanetv.dz\/#\/schema\/person\/2f805262d6c5b0990f164f05c63500d7","name":"admin","image":{"@type":"ImageObject","inLanguage":"ar","@id":"https:\/\/secure.gravatar.com\/avatar\/2c4569b1c73f69874bcb8b3322ad4a01218561c9acaf534e012e487b73de5857?s=96&d=mm&r=g","url":"https:\/\/secure.gravatar.com\/avatar\/2c4569b1c73f69874bcb8b3322ad4a01218561c9acaf534e012e487b73de5857?s=96&d=mm&r=g","contentUrl":"https:\/\/secure.gravatar.com\/avatar\/2c4569b1c73f69874bcb8b3322ad4a01218561c9acaf534e012e487b73de5857?s=96&d=mm&r=g","caption":"admin"},"sameAs":["https:\/\/djadet.net\/bibantv"],"url":"https:\/\/elbibanetv.dz\/?author=1"},false]}},"yasr_visitor_votes":{"stars_attributes":{"read_only":true,"span_bottom":"<div class='yasr-small-block-bold'><span class='yasr-visitor-votes-must-sign-in'>You must sign in to vote<\/span><\/div>"},"number_of_votes":0,"sum_votes":0},"cmb2":{"poster_feature_image":{"vid_m_player_background":"off","vid_m_poster_image":"","vid_m_poster_image_id":""},"gif_feature_image":{"vid_m_gif_image":"","vid_m_gif_image_id":""},"video_movie_settings":{"vid_m_director":"","vid_m_actor":"","vid_m_imdb_ratings":"","vid_m_amazon_associates":"","vid_m_vid_tmdb_movie":"","vid_m_vid_tmdb_tv_shows":"","vid_m_vid_tmdb_thumb":"backdrop_sizes"},"vid_ads_m_videoads_settings_post":{"vid_ads_m_video_ads":"","vid_ads_m_video_ads_type":"","vid_ads_m_group_google_ima":"","vid_ads_m_group_image":"","vid_ads_m_group_html5_video":"","vid_ads_m_group_html":"","vid_ads_m_vpaid_mode":"no","vid_ads_m_vast_preroll":"","vid_ads_m_vast_postroll":"","vid_ads_m_vast_pauseroll":"","vid_ads_m_vast_midroll":[{"vid_ads_m_vast_timer_seconds":"50"}],"vid_ads_m_group_dynamic":[{"vid_ads_m_dynamic_type":"image","vid_ads_m_dynamic_size_desktop":"336x280","vid_ads_m_dynamic_size_mobile":"300x250","vid_ads_m_dynamic_vertial_align":"bottom"}],"vid_ads_m_time_to_show_ads":"","vid_ads_m_time_skip_ads":"","vid_ads_m_time_to_hide_ads":""},"feature_image_settings":{"feature_image_position":""},"video_player_settings":{"single_video_style":"","video_player_position":"","vm_video_url_btn_choose":"","vm_video_url_btn_choose_id":"","vm_video_url":"","vm_video_ratio":"16:9","vm_video_ratio_mobile":"16:9","video_player_library":"","plyr_player":"","video_streaming":"","vm_video_shortcode":"","vm_video_timelapse":"","vm_media_subtitles":"","vm_media_sources":"","vid_vtt_preview":"off","vid_vtt_preview_vtt_file":"","vid_vtt_preview_vtt_file_id":"","vid_vtt_preview_sprite_image":"","vid_vtt_preview_sprite_image_id":"","vid_auto_play":"","vid_preview_mode":"","vm_video_trailer_manl_url":"","vm_screenshot_preview":"","vid_tags":"","vid_p_sync_playlist":"","vid_c_sync_channel":"","get_post_format":"","multiple_links_structure":"default","multi_links_title":"","original_video_title":"","multi_links_series":"","vm_video_multi_links":"","vm_duration":"","vid_social_locker":"off","vid_locker_mode":"social","vid_social_locker_id":"","vid_social_email_locker_id":"","vid_social_signin_locker_id":"","sv_login_to_watch":"","vid_membership_action":"content-video","vm_video_trailer_url":"","vid_download_type":"free","vid_download_target":"download","vid_woo_product":"","vid_download_mode":"","vid_download_mode_trailer":"","vm_media_download":"","user_rating":"","user_rating_position":"","user_rating_mode":"","user_rating_multi_sets":"","ads_above_single_player":""},"video_auto_fetch_settings":{"vm_video_fetch":"on"},"video_fake_views_likes":{"vm_fake_views":"","vm_fake_likes":"","vm_fake_dislikes":""},"gallery_settings":{"gallery_position":""},"quote_settings":{"quote_position":""},"post_options":{"main_layout":"","main_logo":"","main_logo_id":"","main_logo_retina":"","main_logo_retina_id":"","main_logo_mobile":"","main_logo_mobile_id":"","main_logo_mobile_retina":"","main_logo_mobile_retina_id":"","sticky_logo":"","sticky_logo_id":"","sticky_logo_retina":"","sticky_logo_retina_id":"","main_nav_layout":"","header_background":"","theme_sidebar":"","single_post_comment_type":"","theme_background":""}},"_links":{"self":[{"href":"https:\/\/elbibanetv.dz\/index.php?rest_route=\/wp\/v2\/posts\/17367","targetHints":{"allow":["GET"]}}],"collection":[{"href":"https:\/\/elbibanetv.dz\/index.php?rest_route=\/wp\/v2\/posts"}],"about":[{"href":"https:\/\/elbibanetv.dz\/index.php?rest_route=\/wp\/v2\/types\/post"}],"author":[{"embeddable":true,"href":"https:\/\/elbibanetv.dz\/index.php?rest_route=\/wp\/v2\/users\/1"}],"replies":[{"embeddable":true,"href":"https:\/\/elbibanetv.dz\/index.php?rest_route=%2Fwp%2Fv2%2Fcomments&post=17367"}],"version-history":[{"count":1,"href":"https:\/\/elbibanetv.dz\/index.php?rest_route=\/wp\/v2\/posts\/17367\/revisions"}],"predecessor-version":[{"id":17369,"href":"https:\/\/elbibanetv.dz\/index.php?rest_route=\/wp\/v2\/posts\/17367\/revisions\/17369"}],"wp:featuredmedia":[{"embeddable":true,"href":"https:\/\/elbibanetv.dz\/index.php?rest_route=\/wp\/v2\/media\/17368"}],"wp:attachment":[{"href":"https:\/\/elbibanetv.dz\/index.php?rest_route=%2Fwp%2Fv2%2Fmedia&parent=17367"}],"wp:term":[{"taxonomy":"category","embeddable":true,"href":"https:\/\/elbibanetv.dz\/index.php?rest_route=%2Fwp%2Fv2%2Fcategories&post=17367"},{"taxonomy":"post_tag","embeddable":true,"href":"https:\/\/elbibanetv.dz\/index.php?rest_route=%2Fwp%2Fv2%2Ftags&post=17367"}],"curies":[{"name":"wp","href":"https:\/\/api.w.org\/{rel}","templated":true}]}}